{"id":2270,"date":"2025-11-07T13:33:26","date_gmt":"2025-11-07T12:33:26","guid":{"rendered":"https:\/\/kanzleikruse.com\/?p=2270"},"modified":"2025-11-07T13:36:15","modified_gmt":"2025-11-07T12:36:15","slug":"privatdetektiv-im-arbeitsrecht-wann-ist-eine-ueberwachung-erlaubt-und-wer-traegt-die-kosten","status":"publish","type":"post","link":"https:\/\/kanzleikruse.com\/en\/2025\/11\/07\/privatdetektiv-im-arbeitsrecht-wann-ist-eine-ueberwachung-erlaubt-und-wer-traegt-die-kosten\/","title":{"rendered":"Privatdetektiv im Arbeitsrecht \u2013 wann ist eine \u00dcberwachung erlaubt und wer tr\u00e4gt die Kosten?"},"content":{"rendered":"<div data-elementor-type=\"wp-post\" data-elementor-id=\"2270\" class=\"elementor elementor-2270\" data-elementor-post-type=\"post\">\n\t\t\t\t\t\t<section class=\"elementor-section elementor-top-section elementor-element elementor-element-7cb0f41a elementor-section-boxed elementor-section-height-default elementor-section-height-default\" data-id=\"7cb0f41a\" data-element_type=\"section\" data-e-type=\"section\" data-settings='{\"jet_parallax_layout_list\":[]}'>\n\t\t\t\t\t\t<div class=\"elementor-container elementor-column-gap-default\">\n\t\t\t\t\t<div class=\"elementor-column elementor-col-100 elementor-top-column elementor-element elementor-element-5802355f\" data-id=\"5802355f\" data-element_type=\"column\" data-e-type=\"column\">\n\t\t\t<div class=\"elementor-widget-wrap elementor-element-populated\">\n\t\t\t\t\t\t<div class=\"elementor-element elementor-element-402eb52a elementor-widget elementor-widget-text-editor\" data-id=\"402eb52a\" data-element_type=\"widget\" data-e-type=\"widget\" data-widget_type=\"text-editor.default\">\n\t\t\t\t<div class=\"elementor-widget-container\">\n\t\t\t\t\t\t\t\t\t<h2 class=\"wp-block-heading\"><strong>Was Sie jetzt wissen sollten<\/strong><\/h2>\n<p><!-- \/wp:heading --><!-- wp:paragraph --><\/p>\n<p>Hat ein Arbeitgeber den Verdacht, dass ein Mitarbeiter eine Krankheit nur vort&auml;uscht, greift er manchmal zu drastischen Mitteln: Er beauftragt einen Privatdetektiv. Ihr Einsatz ist rechtlich allerdings nur unter sehr engen Voraussetzungen zul&auml;ssig. Das <a href=\"https:\/\/www.bundesarbeitsgericht.de\/entscheidung\/8-azr-225-23\/\">Bundesarbeitsgericht (BAG) hat im <strong>Urteil vom 25. Juli 2024 &ndash; 8 AZR 225\/23<\/strong><\/a> die Grenzen solcher &Uuml;berwachungen klargestellt. Nicht jeder Verdacht rechtfertigt eine Observation. Ein rechtswidriger Einsatz von Privatdetektiven kann zu Schadensersatzanspr&uuml;chen von Arbeitnehmern f&uuml;hren.<\/p>\n<p><!-- \/wp:paragraph --><!-- wp:heading --><\/p>\n<h2 class=\"wp-block-heading\">Was war passiert?<\/h2>\n<p><!-- \/wp:heading --><!-- wp:paragraph --><\/p>\n<p>Ein Arbeitnehmer war nach mehreren Auseinandersetzungen arbeitsunf&auml;hig krankgeschrieben. Der Arbeitgeber hielt die &auml;rztlich bescheinigte <a href=\"https:\/\/kanzleikruse.com\/en\/enzyklopaedie\/arbeitsunfaehigkeit\/\">Incapacity for work<\/a> f&uuml;r vorget&auml;uscht und lie&szlig; den Mitarbeiter von Privatdetektiven beobachten. Diese dokumentierten unter anderem, wie der Mann sein linkes Bein nach sich zog, eine schwere Autobatterie wechselte und auf seiner Terrasse arbeitete. Der Arbeitnehmer sah darin einen unzul&auml;ssigen Eingriff in sein Pers&ouml;nlichkeitsrecht und klagte auf Schmerzensgeld wegen eines Datenschutzversto&szlig;es. Das BAG gab ihm teilweise Recht und sprach ihm 1.500 &euro; immateriellen Schadensersatz nach <a href=\"https:\/\/dejure.org\/gesetze\/DSGVO\/82.html\">Art. 82 Abs. 1 DSGVO<\/a> zu. Die Observation war nach Auffassung des BAG unzul&auml;ssig gewesen, weil keine konkreten Umst&auml;nde vorgelegen h&auml;tten, die den Beweiswert der &auml;rztlichen <a href=\"https:\/\/kanzleikruse.com\/en\/encyclopedia\/arbeitsunfaehigkeit\/\" target=\"_self\" title=\"If you are unable to work due to an illness through no fault of your own, you are generally entitled to continued remuneration for a period of six weeks (Section 3 (1) EFZG). An illness is an abnormal physical or mental condition. A doctor usually determines whether such a condition exists. You should therefore have yourself examined and...\" class=\"encyclopedia\">Incapacity for work<\/a>sbescheinigung ersch&uuml;ttern konnten.<\/p>\n<p><!-- \/wp:paragraph --><!-- wp:heading --><\/p>\n<h2 class=\"wp-block-heading\"><strong>Wann darf ein Arbeitgeber einen Privatdetektiv beauftragen?<\/strong><\/h2>\n<p><!-- \/wp:heading --><!-- wp:paragraph --><\/p>\n<p>Das BAG hat klargestellt, dass eine &Uuml;berwachung nur erlaubt ist, wenn konkrete, objektiv nachpr&uuml;fbare Verdachtsmomente vorliegen. Ein blo&szlig;es Misstrauen oder vage Zweifel an der Krankschreibung reichen nicht aus. F&uuml;r die Praxis lassen sich die Vorgaben des BAG wie folgt zusammenfassen:<\/p>\n<p><!-- \/wp:paragraph --><!-- wp:list {\"ordered\":true} --><\/p>\n<ol class=\"wp-block-list\">\n<li style=\"list-style-type: none;\">\n<ol class=\"wp-block-list\"><!-- wp:list-item --><\/ol>\n<\/li>\n<\/ol>\n<ol class=\"wp-block-list\">\n<li style=\"list-style-type: none;\"><ol class=\"wp-block-list\">\n<li><strong>Hoher Beweiswert der <a href=\"https:\/\/kanzleikruse.com\/en\/encyclopedia\/arbeitsunfaehigkeit\/\" target=\"_self\" title=\"If you are unable to work due to an illness through no fault of your own, you are generally entitled to continued remuneration for a period of six weeks (Section 3 (1) EFZG). An illness is an abnormal physical or mental condition. A doctor usually determines whether such a condition exists. You should therefore have yourself examined and...\" class=\"encyclopedia\">Incapacity for work<\/a>sbescheinigung<\/strong><br>Eine &auml;rztliche Bescheinigung hat grunds&auml;tzlich einen sehr hohen Beweiswert. Der Arbeitgeber muss tats&auml;chliche Umst&auml;nde vortragen, die diesen Beweiswert ersch&uuml;ttern &ndash; z.B. widerspr&uuml;chliches Verhalten oder offensichtliche Manipulationen.<\/li>\n<li><strong>Vorrang milderer Mittel<\/strong><br>Bestehen Zweifel, muss der Arbeitgeber zun&auml;chst den <strong>Medizinischen Dienst der Krankenkasse<\/strong> einschalten. Erst wenn dieser Weg aussichtslos oder unzureichend ist, kann eine &Uuml;berwachung in Betracht kommen<strong>.<\/strong><\/li><li><strong>Verh&auml;ltnism&auml;&szlig;igkeit<\/strong><strong> der Ma&szlig;nahme<\/strong><br>Schlie&szlig;lich muss jede Observation verh&auml;ltnism&auml;&szlig;ig sein. Denn jede &Uuml;berwachung greift in das <strong>allgemeine Pers&ouml;nlichkeitsrecht<\/strong> (Art. 2 Abs. 1 GG) und den <strong>Data protection<\/strong> (Art. 9 DS-GVO) ein. Eine &Uuml;berwachung darf sich deshalb nur auf das unbedingt Notwendige beschr&auml;nken und nicht uneingeschr&auml;nkt in das private Lebensumfeld hineinreichen.<\/li><\/ol><\/li><\/ol><ol class=\"wp-block-list\">\n<\/ol>\n<p><!-- \/wp:list-item --><\/p>\n<p><!-- \/wp:list --><!-- wp:heading --><\/p>\n<h2 class=\"wp-block-heading\"><strong>Datenschutzrechtliche Bewertung durch das BAG<\/strong><\/h2>\n<p><!-- \/wp:heading --><!-- wp:paragraph --><\/p>\n<p>Das Gericht stellte klar, dass bereits die Beobachtung &auml;u&szlig;erer Gesundheitsmerkmale &ndash; etwa eines auff&auml;lligen Gangs &ndash; eine <strong>Verarbeitung von Gesundheitsdaten<\/strong> im Sinne von Art. 9 Abs. 1 DS-GVO darstellt. Die Verarbeitung solcher Daten ist nur erlaubt, wenn sie zur Wahrung arbeitsrechtlicher Pflichten &bdquo;erforderlich&ldquo; ist (<a href=\"https:\/\/www.gesetze-im-internet.de\/bdsg_2018\/__26.html\">&sect; 26 Abs. 3 BDSG<\/a>). Dies sah das BAG im vorliegenden Fall als nicht erf&uuml;llt an. W&ouml;rtlich stellte das Gericht folgendes fest:<\/p>\n<p><!-- \/wp:paragraph --><!-- wp:quote --><\/p>\n<blockquote class=\"wp-block-quote\">\n<p><!-- wp:paragraph --><\/p>\n<p>&bdquo;Der nach Art. 82 Abs. 1 DSGVO vorausgesetzte Versto&szlig; gegen die Datenschutz-Grundverordnung liegt vor. Die Beklagte hat als Verantwortliche im Rahmen der Observation ohne Einwilligung des Kl&auml;gers dessen Gesundheitsdaten verarbeitet. Dies war nicht erforderlich iSv. Art. 9 Abs. 2 Buchst. b DSGVO iVm. &sect; 26 Abs. 3 BDSG.&ldquo;<\/p>\n<p><!-- \/wp:paragraph --><\/p>\n<\/blockquote>\n<p><!-- \/wp:quote --><!-- wp:paragraph --><\/p>\n<p>Damit lag ein Versto&szlig; gegen die Datenschutz-Grundverordnung vor &ndash; und der Arbeitnehmer konnte Schmerzensgeld verlangen.<\/p>\n<p><!-- \/wp:paragraph --><!-- wp:heading --><\/p>\n<h2 class=\"wp-block-heading\"><strong>Wer tr&auml;gt die Kosten f&uuml;r den Privatdetektiv?<\/strong><\/h2>\n<p><!-- \/wp:heading --><!-- wp:list --><\/p>\n<ul class=\"wp-block-list\">\n<li style=\"list-style-type: none;\">\n<ul class=\"wp-block-list\"><!-- wp:list-item --><\/ul>\n<\/li>\n<\/ul>\n<ul class=\"wp-block-list\">\n<li style=\"list-style-type: none;\">\n<ul class=\"wp-block-list\">\n<li><strong>Rechtm&auml;&szlig;ige Observation:<\/strong><br>Stellt sich der Verdacht als berechtigt heraus, kann der Arbeitgeber vom Arbeitnehmer die Detektiv<a href=\"https:\/\/kanzleikruse.com\/en\/encyclopedia\/kosten\/\" target=\"_self\" title=\"In dismissal protection proceedings, each party bears its own legal costs in the first instance before the labor court. This means that regardless of whether you lose or win, you must pay your own lawyer. The amount of the remuneration is determined either by a remuneration agreement or by the German Lawyers&#039; Fees Act (RVG). In court proceedings, the...\" class=\"encyclopedia\">costs<\/a> ersetzt verlangen (&sect; 280 BGB).<\/li>\n<\/ul>\n<\/li>\n<\/ul>\n<p><!-- \/wp:list-item --><!-- wp:list-item --><\/p>\n<ul class=\"wp-block-list\">\n<li style=\"list-style-type: none;\">\n<ul class=\"wp-block-list\">\n<li><strong>Unzul&auml;ssige Observation:<\/strong><br>War die Ma&szlig;nahme unangemessen oder unbegr&uuml;ndet, tr&auml;gt der Arbeitgeber die <a href=\"https:\/\/kanzleikruse.com\/en\/encyclopedia\/kosten\/\" target=\"_self\" title=\"In dismissal protection proceedings, each party bears its own legal costs in the first instance before the labor court. This means that regardless of whether you lose or win, you must pay your own lawyer. The amount of the remuneration is determined either by a remuneration agreement or by the German Lawyers&#039; Fees Act (RVG). In court proceedings, the...\" class=\"encyclopedia\">Costs<\/a> selbst &ndash; und riskiert zus&auml;tzlich Schadensersatz- oder Schmerzensgeldforderungen.<\/li>\n<\/ul>\n<\/li>\n<\/ul>\n<p><!-- \/wp:list-item --><\/p>\n<p><!-- \/wp:list --><!-- wp:heading --><\/p>\n<h2 class=\"wp-block-heading\"><strong>Blick nach vorn<\/strong><\/h2>\n<p><!-- \/wp:heading --><!-- wp:paragraph --><\/p>\n<p>Das Thema &bdquo;&Uuml;berwachung von Besch&auml;ftigten&ldquo; wird im Zuge des geplanten <strong>Besch&auml;ftigtendatenschutzgesetzes<\/strong> voraussichtlich neu geregelt. Beobachtungen im privaten Umfeld sollen k&uuml;nftig nur noch in seltenen Ausnahmef&auml;llen zul&auml;ssig sein. F&uuml;r Arbeitgeber bedeutet das: Eine Observation ist k&uuml;nftig praktisch nur noch bei schweren Pflichtverletzungen denkbar.<\/p>\n<p><!-- \/wp:paragraph --><!-- wp:heading {\"level\":3} --><\/p>\n<h2 class=\"wp-block-heading\"><strong>Fazit<\/strong><\/h2>\n<p><!-- \/wp:heading --><!-- wp:list --><\/p>\n<ul class=\"wp-block-list\">\n<li style=\"list-style-type: none;\">\n<ul class=\"wp-block-list\"><!-- wp:list-item --><\/ul>\n<\/li>\n<\/ul>\n<ul class=\"wp-block-list\">\n<li style=\"list-style-type: none;\">\n<ul class=\"wp-block-list\">\n<li>Eine &Uuml;berwachung durch Privatdetektive ist nur in eng begrenzten Ausnahmef&auml;llen erlaubt.<\/li>\n<\/ul>\n<\/li>\n<\/ul>\n<p><!-- \/wp:list-item --><!-- wp:list-item --><\/p>\n<ul class=\"wp-block-list\">\n<li style=\"list-style-type: none;\">\n<ul class=\"wp-block-list\">\n<li>Arbeitgeber m&uuml;ssen zun&auml;chst alle milderen Mittel aussch&ouml;pfen. Wenn sie Zweifel an einer AU haben, m&uuml;ssen sie insbesondere den Medizinischen Dienst einschalten.<\/li>\n<\/ul>\n<\/li>\n<\/ul>\n<p><!-- \/wp:list-item --><!-- wp:list-item --><\/p>\n<ul class=\"wp-block-list\">\n<li style=\"list-style-type: none;\">\n<ul class=\"wp-block-list\">\n<li>Arbeitnehmer k&ouml;nnen bei unzul&auml;ssiger Observation Schmerzensgeld nach Art. 82 DS-GVO verlangen.<\/li>\n<\/ul>\n<\/li>\n<\/ul>\n<p><!-- \/wp:list-item --><!-- wp:list-item --><\/p>\n<ul class=\"wp-block-list\">\n<li style=\"list-style-type: none;\">\n<ul class=\"wp-block-list\">\n<li>Betroffene sollten sich fr&uuml;hzeitig anwaltlich beraten lassen.<\/li>\n<\/ul>\n<\/li>\n<\/ul>\n<p><!-- \/wp:list-item --><\/p>\n<p><!-- \/wp:list --><!-- wp:heading {\"level\":3} --><\/p>\n<h2 class=\"wp-block-heading\"><strong>Ihr Ansprechpartner: Kanzlei Kruse<\/strong><\/h2>\n<p><!-- \/wp:heading --><!-- wp:paragraph --><\/p>\n<p>Wenn Sie den Eindruck haben, Ihr Arbeitgeber habe Sie <strong>zu Unrecht &uuml;berwachen lassen<\/strong> or a <strong>Detektei ohne berechtigten Anlass<\/strong> beauftragt:<br><a href=\"https:\/\/kanzleikruse.com\/en\/kontakt\/\" target=\"_blank\" rel=\"noopener\"><img decoding=\"async\" class=\"emoji\" role=\"img\" draggable=\"false\" src=\"https:\/\/s.w.org\/images\/core\/emoji\/16.0.1\/svg\/1f4de.svg\" alt=\"&#128222;\"> Kontaktieren Sie uns jetzt<\/a>&nbsp;&ndash; wir pr&uuml;fen, ob Ihre Rechte verletzt wurden und welche <strong>Anspr&uuml;che auf Schadensersatz oder Schmerzensgeld<\/strong> bestehen.<\/p>\n<p><!-- \/wp:separator --><!-- wp:paragraph --><\/p>\n<p><!-- \/wp:paragraph --><\/p>\t\t\t\t\t\t\t\t<\/div>\n\t\t\t\t<\/div>\n\t\t\t\t\t<\/div>\n\t\t<\/div>\n\t\t\t\t\t<\/div>\n\t\t<\/section>\n\t\t\t\t<\/div>","protected":false},"excerpt":{"rendered":"<p>Was Sie jetzt wissen sollten Hat ein Arbeitgeber den Verdacht, dass ein Mitarbeiter eine Krankheit nur vort\u00e4uscht, greift er manchmal zu drastischen Mitteln: Er beauftragt einen Privatdetektiv. Ihr Einsatz ist rechtlich allerdings nur unter sehr engen Voraussetzungen zul\u00e4ssig. Das Bundesarbeitsgericht (BAG) hat im Urteil vom 25. Juli 2024 \u2013 8 AZR 225\/23 die Grenzen solcher [&hellip;]<\/p>\n","protected":false},"author":2,"featured_media":2271,"comment_status":"open","ping_status":"open","sticky":false,"template":"","format":"standard","meta":{"_acf_changed":false,"footnotes":""},"categories":[1],"tags":[],"class_list":["post-2270","post","type-post","status-publish","format-standard","has-post-thumbnail","hentry","category-unkategorisiert"],"acf":[],"yoast_head":"<!-- This site is optimized with the Yoast SEO plugin v27.5 - https:\/\/yoast.com\/product\/yoast-seo-wordpress\/ -->\n<title>Einsatz von Privatdetektiven kann zu Schadensersatz f\u00fchren<\/title>\n<meta name=\"description\" content=\"Privatdetektiveinsatz kann Schadensersatzanspruch von Arbeitnehmern begr\u00fcnden, wenn Arbeitgeber vorher nicht alle Mittel ausgesch\u00f6pft.\" \/>\n<meta name=\"robots\" content=\"noindex, follow\" \/>\n<meta property=\"og:locale\" content=\"en_US\" \/>\n<meta property=\"og:type\" content=\"article\" \/>\n<meta property=\"og:title\" content=\"Einsatz von Privatdetektiven kann zu Schadensersatz f\u00fchren\" \/>\n<meta property=\"og:description\" content=\"Privatdetektiveinsatz kann Schadensersatzanspruch von Arbeitnehmern begr\u00fcnden, wenn Arbeitgeber vorher nicht alle Mittel ausgesch\u00f6pft.\" \/>\n<meta property=\"og:url\" content=\"https:\/\/kanzleikruse.com\/en\/2025\/11\/07\/privatdetektiv-im-arbeitsrecht-wann-ist-eine-ueberwachung-erlaubt-und-wer-traegt-die-kosten\/\" \/>\n<meta property=\"og:site_name\" content=\"Kanzlei Kruse\" \/>\n<meta property=\"article:published_time\" content=\"2025-11-07T12:33:26+00:00\" \/>\n<meta property=\"article:modified_time\" content=\"2025-11-07T12:36:15+00:00\" \/>\n<meta property=\"og:image\" content=\"https:\/\/kanzleikruse.com\/wp-content\/uploads\/2025\/11\/david-sinclair-esOA3o92zxE-unsplash-scaled.jpg\" \/>\n\t<meta property=\"og:image:width\" content=\"1792\" \/>\n\t<meta property=\"og:image:height\" content=\"2560\" \/>\n\t<meta property=\"og:image:type\" content=\"image\/jpeg\" \/>\n<meta name=\"author\" content=\"kanzleikruse\" \/>\n<meta name=\"twitter:card\" content=\"summary_large_image\" \/>\n<meta name=\"twitter:label1\" content=\"Written by\" \/>\n\t<meta name=\"twitter:data1\" content=\"kanzleikruse\" \/>\n\t<meta name=\"twitter:label2\" content=\"Est. reading time\" \/>\n\t<meta name=\"twitter:data2\" content=\"4 minutes\" \/>\n<script type=\"application\/ld+json\" class=\"yoast-schema-graph\">{\"@context\":\"https:\\\/\\\/schema.org\",\"@graph\":[{\"@type\":\"Article\",\"@id\":\"https:\\\/\\\/kanzleikruse.com\\\/2025\\\/11\\\/07\\\/privatdetektiv-im-arbeitsrecht-wann-ist-eine-ueberwachung-erlaubt-und-wer-traegt-die-kosten\\\/#article\",\"isPartOf\":{\"@id\":\"https:\\\/\\\/kanzleikruse.com\\\/2025\\\/11\\\/07\\\/privatdetektiv-im-arbeitsrecht-wann-ist-eine-ueberwachung-erlaubt-und-wer-traegt-die-kosten\\\/\"},\"author\":{\"name\":\"kanzleikruse\",\"@id\":\"https:\\\/\\\/kanzleikruse.com\\\/#\\\/schema\\\/person\\\/e3b4df8a217a1b488840ff40b3af502f\"},\"headline\":\"Privatdetektiv im Arbeitsrecht \u2013 wann ist eine \u00dcberwachung erlaubt und wer tr\u00e4gt die Kosten?\",\"datePublished\":\"2025-11-07T12:33:26+00:00\",\"dateModified\":\"2025-11-07T12:36:15+00:00\",\"mainEntityOfPage\":{\"@id\":\"https:\\\/\\\/kanzleikruse.com\\\/2025\\\/11\\\/07\\\/privatdetektiv-im-arbeitsrecht-wann-ist-eine-ueberwachung-erlaubt-und-wer-traegt-die-kosten\\\/\"},\"wordCount\":708,\"commentCount\":0,\"image\":{\"@id\":\"https:\\\/\\\/kanzleikruse.com\\\/2025\\\/11\\\/07\\\/privatdetektiv-im-arbeitsrecht-wann-ist-eine-ueberwachung-erlaubt-und-wer-traegt-die-kosten\\\/#primaryimage\"},\"thumbnailUrl\":\"https:\\\/\\\/kanzleikruse.com\\\/wp-content\\\/uploads\\\/2025\\\/11\\\/david-sinclair-esOA3o92zxE-unsplash-scaled.jpg\",\"articleSection\":[\"Unkategorisiert\"],\"inLanguage\":\"en-US\"},{\"@type\":\"WebPage\",\"@id\":\"https:\\\/\\\/kanzleikruse.com\\\/2025\\\/11\\\/07\\\/privatdetektiv-im-arbeitsrecht-wann-ist-eine-ueberwachung-erlaubt-und-wer-traegt-die-kosten\\\/\",\"url\":\"https:\\\/\\\/kanzleikruse.com\\\/2025\\\/11\\\/07\\\/privatdetektiv-im-arbeitsrecht-wann-ist-eine-ueberwachung-erlaubt-und-wer-traegt-die-kosten\\\/\",\"name\":\"Einsatz von Privatdetektiven kann zu Schadensersatz f\u00fchren\",\"isPartOf\":{\"@id\":\"https:\\\/\\\/kanzleikruse.com\\\/#website\"},\"primaryImageOfPage\":{\"@id\":\"https:\\\/\\\/kanzleikruse.com\\\/2025\\\/11\\\/07\\\/privatdetektiv-im-arbeitsrecht-wann-ist-eine-ueberwachung-erlaubt-und-wer-traegt-die-kosten\\\/#primaryimage\"},\"image\":{\"@id\":\"https:\\\/\\\/kanzleikruse.com\\\/2025\\\/11\\\/07\\\/privatdetektiv-im-arbeitsrecht-wann-ist-eine-ueberwachung-erlaubt-und-wer-traegt-die-kosten\\\/#primaryimage\"},\"thumbnailUrl\":\"https:\\\/\\\/kanzleikruse.com\\\/wp-content\\\/uploads\\\/2025\\\/11\\\/david-sinclair-esOA3o92zxE-unsplash-scaled.jpg\",\"datePublished\":\"2025-11-07T12:33:26+00:00\",\"dateModified\":\"2025-11-07T12:36:15+00:00\",\"author\":{\"@id\":\"https:\\\/\\\/kanzleikruse.com\\\/#\\\/schema\\\/person\\\/e3b4df8a217a1b488840ff40b3af502f\"},\"description\":\"Privatdetektiveinsatz kann Schadensersatzanspruch von Arbeitnehmern begr\u00fcnden, wenn Arbeitgeber vorher nicht alle Mittel ausgesch\u00f6pft.\",\"breadcrumb\":{\"@id\":\"https:\\\/\\\/kanzleikruse.com\\\/2025\\\/11\\\/07\\\/privatdetektiv-im-arbeitsrecht-wann-ist-eine-ueberwachung-erlaubt-und-wer-traegt-die-kosten\\\/#breadcrumb\"},\"inLanguage\":\"en-US\",\"potentialAction\":[{\"@type\":\"ReadAction\",\"target\":[\"https:\\\/\\\/kanzleikruse.com\\\/2025\\\/11\\\/07\\\/privatdetektiv-im-arbeitsrecht-wann-ist-eine-ueberwachung-erlaubt-und-wer-traegt-die-kosten\\\/\"]}]},{\"@type\":\"ImageObject\",\"inLanguage\":\"en-US\",\"@id\":\"https:\\\/\\\/kanzleikruse.com\\\/2025\\\/11\\\/07\\\/privatdetektiv-im-arbeitsrecht-wann-ist-eine-ueberwachung-erlaubt-und-wer-traegt-die-kosten\\\/#primaryimage\",\"url\":\"https:\\\/\\\/kanzleikruse.com\\\/wp-content\\\/uploads\\\/2025\\\/11\\\/david-sinclair-esOA3o92zxE-unsplash-scaled.jpg\",\"contentUrl\":\"https:\\\/\\\/kanzleikruse.com\\\/wp-content\\\/uploads\\\/2025\\\/11\\\/david-sinclair-esOA3o92zxE-unsplash-scaled.jpg\",\"width\":1792,\"height\":2560},{\"@type\":\"BreadcrumbList\",\"@id\":\"https:\\\/\\\/kanzleikruse.com\\\/2025\\\/11\\\/07\\\/privatdetektiv-im-arbeitsrecht-wann-ist-eine-ueberwachung-erlaubt-und-wer-traegt-die-kosten\\\/#breadcrumb\",\"itemListElement\":[{\"@type\":\"ListItem\",\"position\":1,\"name\":\"Startseite\",\"item\":\"https:\\\/\\\/kanzleikruse.com\\\/\"},{\"@type\":\"ListItem\",\"position\":2,\"name\":\"Privatdetektiv im Arbeitsrecht \u2013 wann ist eine \u00dcberwachung erlaubt und wer tr\u00e4gt die Kosten?\"}]},{\"@type\":\"WebSite\",\"@id\":\"https:\\\/\\\/kanzleikruse.com\\\/#website\",\"url\":\"https:\\\/\\\/kanzleikruse.com\\\/\",\"name\":\"Kanzlei Kruse\",\"description\":\"Wir helfen Ihnen pers\u00f6nlich, Ihr Recht durchzusetzen.\",\"potentialAction\":[{\"@type\":\"SearchAction\",\"target\":{\"@type\":\"EntryPoint\",\"urlTemplate\":\"https:\\\/\\\/kanzleikruse.com\\\/?s={search_term_string}\"},\"query-input\":{\"@type\":\"PropertyValueSpecification\",\"valueRequired\":true,\"valueName\":\"search_term_string\"}}],\"inLanguage\":\"en-US\"},{\"@type\":\"Person\",\"@id\":\"https:\\\/\\\/kanzleikruse.com\\\/#\\\/schema\\\/person\\\/e3b4df8a217a1b488840ff40b3af502f\",\"name\":\"kanzleikruse\"}]}<\/script>\n<!-- \/ Yoast SEO plugin. -->","yoast_head_json":{"title":"Einsatz von Privatdetektiven kann zu Schadensersatz f\u00fchren","description":"Privatdetektiveinsatz kann Schadensersatzanspruch von Arbeitnehmern begr\u00fcnden, wenn Arbeitgeber vorher nicht alle Mittel ausgesch\u00f6pft.","robots":{"index":"noindex","follow":"follow"},"og_locale":"en_US","og_type":"article","og_title":"Einsatz von Privatdetektiven kann zu Schadensersatz f\u00fchren","og_description":"Privatdetektiveinsatz kann Schadensersatzanspruch von Arbeitnehmern begr\u00fcnden, wenn Arbeitgeber vorher nicht alle Mittel ausgesch\u00f6pft.","og_url":"https:\/\/kanzleikruse.com\/en\/2025\/11\/07\/privatdetektiv-im-arbeitsrecht-wann-ist-eine-ueberwachung-erlaubt-und-wer-traegt-die-kosten\/","og_site_name":"Kanzlei Kruse","article_published_time":"2025-11-07T12:33:26+00:00","article_modified_time":"2025-11-07T12:36:15+00:00","og_image":[{"width":1792,"height":2560,"url":"https:\/\/kanzleikruse.com\/wp-content\/uploads\/2025\/11\/david-sinclair-esOA3o92zxE-unsplash-scaled.jpg","type":"image\/jpeg"}],"author":"kanzleikruse","twitter_card":"summary_large_image","twitter_misc":{"Written by":"kanzleikruse","Est. reading time":"4 minutes"},"schema":{"@context":"https:\/\/schema.org","@graph":[{"@type":"Article","@id":"https:\/\/kanzleikruse.com\/2025\/11\/07\/privatdetektiv-im-arbeitsrecht-wann-ist-eine-ueberwachung-erlaubt-und-wer-traegt-die-kosten\/#article","isPartOf":{"@id":"https:\/\/kanzleikruse.com\/2025\/11\/07\/privatdetektiv-im-arbeitsrecht-wann-ist-eine-ueberwachung-erlaubt-und-wer-traegt-die-kosten\/"},"author":{"name":"kanzleikruse","@id":"https:\/\/kanzleikruse.com\/#\/schema\/person\/e3b4df8a217a1b488840ff40b3af502f"},"headline":"Privatdetektiv im Arbeitsrecht \u2013 wann ist eine \u00dcberwachung erlaubt und wer tr\u00e4gt die Kosten?","datePublished":"2025-11-07T12:33:26+00:00","dateModified":"2025-11-07T12:36:15+00:00","mainEntityOfPage":{"@id":"https:\/\/kanzleikruse.com\/2025\/11\/07\/privatdetektiv-im-arbeitsrecht-wann-ist-eine-ueberwachung-erlaubt-und-wer-traegt-die-kosten\/"},"wordCount":708,"commentCount":0,"image":{"@id":"https:\/\/kanzleikruse.com\/2025\/11\/07\/privatdetektiv-im-arbeitsrecht-wann-ist-eine-ueberwachung-erlaubt-und-wer-traegt-die-kosten\/#primaryimage"},"thumbnailUrl":"https:\/\/kanzleikruse.com\/wp-content\/uploads\/2025\/11\/david-sinclair-esOA3o92zxE-unsplash-scaled.jpg","articleSection":["Unkategorisiert"],"inLanguage":"en-US"},{"@type":"WebPage","@id":"https:\/\/kanzleikruse.com\/2025\/11\/07\/privatdetektiv-im-arbeitsrecht-wann-ist-eine-ueberwachung-erlaubt-und-wer-traegt-die-kosten\/","url":"https:\/\/kanzleikruse.com\/2025\/11\/07\/privatdetektiv-im-arbeitsrecht-wann-ist-eine-ueberwachung-erlaubt-und-wer-traegt-die-kosten\/","name":"Einsatz von Privatdetektiven kann zu Schadensersatz f\u00fchren","isPartOf":{"@id":"https:\/\/kanzleikruse.com\/#website"},"primaryImageOfPage":{"@id":"https:\/\/kanzleikruse.com\/2025\/11\/07\/privatdetektiv-im-arbeitsrecht-wann-ist-eine-ueberwachung-erlaubt-und-wer-traegt-die-kosten\/#primaryimage"},"image":{"@id":"https:\/\/kanzleikruse.com\/2025\/11\/07\/privatdetektiv-im-arbeitsrecht-wann-ist-eine-ueberwachung-erlaubt-und-wer-traegt-die-kosten\/#primaryimage"},"thumbnailUrl":"https:\/\/kanzleikruse.com\/wp-content\/uploads\/2025\/11\/david-sinclair-esOA3o92zxE-unsplash-scaled.jpg","datePublished":"2025-11-07T12:33:26+00:00","dateModified":"2025-11-07T12:36:15+00:00","author":{"@id":"https:\/\/kanzleikruse.com\/#\/schema\/person\/e3b4df8a217a1b488840ff40b3af502f"},"description":"Privatdetektiveinsatz kann Schadensersatzanspruch von Arbeitnehmern begr\u00fcnden, wenn Arbeitgeber vorher nicht alle Mittel ausgesch\u00f6pft.","breadcrumb":{"@id":"https:\/\/kanzleikruse.com\/2025\/11\/07\/privatdetektiv-im-arbeitsrecht-wann-ist-eine-ueberwachung-erlaubt-und-wer-traegt-die-kosten\/#breadcrumb"},"inLanguage":"en-US","potentialAction":[{"@type":"ReadAction","target":["https:\/\/kanzleikruse.com\/2025\/11\/07\/privatdetektiv-im-arbeitsrecht-wann-ist-eine-ueberwachung-erlaubt-und-wer-traegt-die-kosten\/"]}]},{"@type":"ImageObject","inLanguage":"en-US","@id":"https:\/\/kanzleikruse.com\/2025\/11\/07\/privatdetektiv-im-arbeitsrecht-wann-ist-eine-ueberwachung-erlaubt-und-wer-traegt-die-kosten\/#primaryimage","url":"https:\/\/kanzleikruse.com\/wp-content\/uploads\/2025\/11\/david-sinclair-esOA3o92zxE-unsplash-scaled.jpg","contentUrl":"https:\/\/kanzleikruse.com\/wp-content\/uploads\/2025\/11\/david-sinclair-esOA3o92zxE-unsplash-scaled.jpg","width":1792,"height":2560},{"@type":"BreadcrumbList","@id":"https:\/\/kanzleikruse.com\/2025\/11\/07\/privatdetektiv-im-arbeitsrecht-wann-ist-eine-ueberwachung-erlaubt-und-wer-traegt-die-kosten\/#breadcrumb","itemListElement":[{"@type":"ListItem","position":1,"name":"Startseite","item":"https:\/\/kanzleikruse.com\/"},{"@type":"ListItem","position":2,"name":"Privatdetektiv im Arbeitsrecht \u2013 wann ist eine \u00dcberwachung erlaubt und wer tr\u00e4gt die Kosten?"}]},{"@type":"WebSite","@id":"https:\/\/kanzleikruse.com\/#website","url":"https:\/\/kanzleikruse.com\/","name":"Kruse law firm","description":"We will help you personally to enforce your rights.","potentialAction":[{"@type":"SearchAction","target":{"@type":"EntryPoint","urlTemplate":"https:\/\/kanzleikruse.com\/?s={search_term_string}"},"query-input":{"@type":"PropertyValueSpecification","valueRequired":true,"valueName":"search_term_string"}}],"inLanguage":"en-US"},{"@type":"Person","@id":"https:\/\/kanzleikruse.com\/#\/schema\/person\/e3b4df8a217a1b488840ff40b3af502f","name":"kanzleikruse"}]}},"_links":{"self":[{"href":"https:\/\/kanzleikruse.com\/en\/wp-json\/wp\/v2\/posts\/2270","targetHints":{"allow":["GET"]}}],"collection":[{"href":"https:\/\/kanzleikruse.com\/en\/wp-json\/wp\/v2\/posts"}],"about":[{"href":"https:\/\/kanzleikruse.com\/en\/wp-json\/wp\/v2\/types\/post"}],"author":[{"embeddable":true,"href":"https:\/\/kanzleikruse.com\/en\/wp-json\/wp\/v2\/users\/2"}],"replies":[{"embeddable":true,"href":"https:\/\/kanzleikruse.com\/en\/wp-json\/wp\/v2\/comments?post=2270"}],"version-history":[{"count":18,"href":"https:\/\/kanzleikruse.com\/en\/wp-json\/wp\/v2\/posts\/2270\/revisions"}],"predecessor-version":[{"id":2289,"href":"https:\/\/kanzleikruse.com\/en\/wp-json\/wp\/v2\/posts\/2270\/revisions\/2289"}],"wp:featuredmedia":[{"embeddable":true,"href":"https:\/\/kanzleikruse.com\/en\/wp-json\/wp\/v2\/media\/2271"}],"wp:attachment":[{"href":"https:\/\/kanzleikruse.com\/en\/wp-json\/wp\/v2\/media?parent=2270"}],"wp:term":[{"taxonomy":"category","embeddable":true,"href":"https:\/\/kanzleikruse.com\/en\/wp-json\/wp\/v2\/categories?post=2270"},{"taxonomy":"post_tag","embeddable":true,"href":"https:\/\/kanzleikruse.com\/en\/wp-json\/wp\/v2\/tags?post=2270"}],"curies":[{"name":"wp","href":"https:\/\/api.w.org\/{rel}","templated":true}]}}